{"id":2460,"date":"2025-11-05T16:30:09","date_gmt":"2025-11-05T13:30:09","guid":{"rendered":"https:\/\/opiskelijakunta.net\/?p=2460"},"modified":"2025-11-05T17:38:22","modified_gmt":"2025-11-05T14:38:22","slug":"opiskelijakunta-tuon-edustajisto-2026-ja-kokouskutsu-edustajiston-2026-jarjestaytymiskokoukseen","status":"publish","type":"post","link":"https:\/\/opiskelijakunta.net\/en\/opiskelijakunta-tuon-edustajisto-2026-ja-kokouskutsu-edustajiston-2026-jarjestaytymiskokoukseen\/","title":{"rendered":"Opiskelijakunta TUOn Edustajisto 2026 ja kokouskutsu Edustajiston 2026 j\u00e4rjest\u00e4ytymiskokoukseen"},"content":{"rendered":"<p><span data-contrast=\"auto\">Turun ammattikorkeakoulun opiskelijakunta \u2013 TUOn Edustajisto 2026 on valittu t\u00e4n\u00e4\u00e4n.\u00a0<\/span><\/p>\n<p>\u00c4\u00e4ni\u00e4 annettiin yhteens\u00e4 178 kpl. \u00c4\u00e4nist\u00e4 ennakko\u00e4\u00e4ni\u00e4 on annettu 175 kpl ja varsinaisena vaalip\u00e4iv\u00e4n\u00e4 \u00e4\u00e4ni\u00e4 annettiin 3 kpl. Hyl\u00e4ttyj\u00e4 \u00e4\u00e4ni\u00e4 oli 0 kpl. \u00c4\u00e4nestysprosentti oli 16,3 %.<\/p>\n<p>TUOn Edustajistoon 2026 varsinaisiksi j\u00e4seniksi on valittu seuraavat henkil\u00f6t:<br \/>\n(Valitun edustajiston j\u00e4senen per\u00e4ss\u00e4 vertailuluku ja suluissa henkil\u00f6kohtainen \u00e4\u00e4nim\u00e4\u00e4r\u00e4)<\/p>\n<p><span data-contrast=\"auto\">Stiina Yl\u00e4koski\u00a0&#8211;\u00a0TUOn\u00a0Toverit<\/span><span data-ccp-props=\"{}\"> 123,00 (23)<br \/>\n<\/span><span data-contrast=\"auto\">Toni\u00a0Haila\u00a0&#8211;\u00a0TUOn\u00a0Toverit<\/span><span data-ccp-props=\"{}\"> 61,50 (11)<br \/>\n<\/span><span data-contrast=\"auto\">Saku Boman\u00a0&#8211;\u00a0Tradenomivaikuttajat<\/span><span data-ccp-props=\"{}\"> 55,00 (11)<br \/>\n<\/span><span data-contrast=\"auto\">Olga Hellman\u00a0&#8211;\u00a0TUOn\u00a0Toverit<\/span><span data-ccp-props=\"{}\"> 41,00 (10)<br \/>\n<\/span><span data-contrast=\"auto\">Duy Nguyen &#8211; TUOn Toverit 30,75 (9)<\/span><span data-ccp-props=\"{}\"><br \/>\n<\/span><span data-contrast=\"auto\">Arvi Takala &#8211; Tradenomivaikuttajat 27,50 (9)<\/span><span data-ccp-props=\"{}\"><br \/>\n<\/span><span data-contrast=\"auto\">Ville Soikkeli\u00a0&#8211;\u00a0TUOn\u00a0Toverit<\/span><span data-ccp-props=\"{}\"> 24,60 (8)<br \/>\n<\/span><span data-contrast=\"auto\">Maria\u00a0Rostedt\u00a0&#8211;\u00a0TUOn\u00a0Toverit<\/span><span data-ccp-props=\"{}\"> 20,50 (7)<br \/>\n<\/span><span data-contrast=\"auto\">Juuso K\u00e4k\u00f6nen\u00a0&#8211; Tekniikan Taitajat<\/span><span data-ccp-props=\"{}\"> 18,33 (8)<br \/>\n<\/span><span data-contrast=\"auto\">Niilo T\u00e4hti\u00a0&#8211;\u00a0TUOn\u00a0Toverit<\/span><span data-ccp-props=\"{}\"> 17,57 (6)<br \/>\n<\/span><span data-contrast=\"auto\">Sampo Kurttila\u00a0&#8211;\u00a0TUOn\u00a0Toverit<\/span><span data-ccp-props=\"{}\"> 15,38 (5)<br \/>\n<\/span><span data-contrast=\"auto\">Roope Autio\u00a0&#8211; Tekniikan Taitajat<\/span><span data-ccp-props=\"{}\"> 13,75 (6)<br \/>\n<\/span><span data-contrast=\"auto\">Oki Hellberg\u00a0&#8211;\u00a0Kohtuuden Yst\u00e4v\u00e4t<\/span><span data-ccp-props=\"{}\"> 13,67 (5)<br \/>\n<\/span><span data-contrast=\"auto\">Milla Mesiranta\u00a0&#8211;\u00a0TUOn\u00a0Toverit<\/span><span data-ccp-props=\"{}\"> 12,30 (4)<br \/>\n<\/span><span data-contrast=\"auto\">Petteri Alatalo\u00a0&#8211;\u00a0Kohtuuden Yst\u00e4v\u00e4t<\/span><span data-ccp-props=\"{}\"> 11,18 (4)<br \/>\n<\/span><span data-contrast=\"auto\">Sara Sandberg\u00a0&#8211; Tekniikan Taitajat<\/span><span data-ccp-props=\"{}\"> 11,00 (5)<br \/>\n<\/span><span data-contrast=\"auto\">Jesse M\u00e4ki\u00a0&#8211;\u00a0TUOn\u00a0Toverit<\/span><span data-ccp-props=\"{}\"> 10,25 (4)<br \/>\n<\/span><span data-contrast=\"auto\">Pyry Tolvanen\u00a0&#8211;\u00a0TUOn\u00a0Toverit<\/span><span data-ccp-props=\"{}\"> 9,46 (3)<br \/>\n<\/span><span data-contrast=\"auto\">Kitisak\u00a0Paanmongkhon &#8211; Tradenomivaikuttajat 9,17<\/span><span data-ccp-props=\"{}\"> (5)<br \/>\n<\/span><span data-contrast=\"auto\">Joni Rothstr\u00f6m\u00a0&#8211; Kohtuuden Yst\u00e4v\u00e4t<\/span><span data-ccp-props=\"{}\"> 8,79 (3)<br \/>\n<\/span><span data-contrast=\"auto\">Oona\u00a0Kaarmela\u00a0&#8211;\u00a0TUOn\u00a0Toverit<\/span><span data-ccp-props=\"{}\"> 8,20 (3)<\/span><\/p>\n<p>TUOn Edustajiston 2026 varaj\u00e4seniksi on valittu seuraavat henkil\u00f6t:<\/p>\n<p><span data-contrast=\"auto\">Toni Saari\u00a0\u2013 Tekniikan Taitajat<\/span><span data-ccp-props=\"{}\"> 7,86 (4)<br \/>\n<\/span><span data-contrast=\"auto\">Aapo Pihlaja\u00a0&#8211;\u00a0Kohtuuden Yst\u00e4v\u00e4t<\/span><span data-ccp-props=\"{}\"> 7,69 (3)<br \/>\n<\/span><span data-contrast=\"auto\">Johanna\u00a0Vil\u00e9n\u00a0&#8211;\u00a0TUOn\u00a0Toverit<\/span><span data-ccp-props=\"{}\"> 7,24 (3)<br \/>\n<\/span><span data-contrast=\"auto\">Eetu \u00c4ik\u00e4s\u00a0&#8211; Tekniikan Taitajat<\/span><span data-ccp-props=\"{}\"> 6,88 (2)<br \/>\n<\/span><span data-contrast=\"auto\">Alex Luotonen\u00a0\u2013\u00a0TUOn\u00a0Toverit<\/span><span data-ccp-props=\"{}\"> 6,83 (3)<br \/>\n<\/span><span data-contrast=\"auto\">Matias Sandberg\u00a0&#8211;\u00a0Kohtuuden Yst\u00e4v\u00e4t 6,47<\/span><span data-ccp-props=\"{}\"> (2)<br \/>\n<\/span><span data-contrast=\"auto\">Samu Saarim\u00e4ki\u00a0&#8211;\u00a0TUOn\u00a0Toverit<\/span><span data-ccp-props=\"{}\"> 6,15 (2)<br \/>\n<\/span><span data-contrast=\"auto\">Sisu J\u00e4ntti\u00a0&#8211; Tekniikan Taitajat<\/span><span data-ccp-props=\"{}\"> 6,11 (2)<br \/>\n<\/span><span data-contrast=\"auto\">Amanda Majuri\u00a0\u2013\u00a0TUOn\u00a0Toverit<\/span><span data-ccp-props=\"{}\"> 5,86 (1)<br \/>\n<\/span><span data-contrast=\"auto\">Aino Nousiainen \u2013 Kohtuuden Yst\u00e4v\u00e4t 5,59<\/span><span data-ccp-props=\"{}\"> (1)<br \/>\n<\/span><span data-contrast=\"auto\">Miska\u00a0Risku\u00a0&#8211; Tradenomivaikuttajat<\/span><span data-ccp-props=\"{}\"> 5,50 (2)<br \/>\n<\/span><span data-contrast=\"auto\">Santeri Salonen\u00a0\u2013\u00a0TUOn\u00a0Toverit<\/span><span data-ccp-props=\"{}\"> 5,35 (1)<br \/>\n<\/span><span data-contrast=\"auto\">Jori Jokinen\u00a0\u2013 Kohtuuden Yst\u00e4v\u00e4t<\/span><span data-ccp-props=\"{}\"> 5,13 (1)<br \/>\n<\/span><span data-contrast=\"auto\">Artturi Lunnas\u00a0\u2013 Tekniikan Taitajat<\/span><span data-ccp-props=\"{}\"> 5,00 (1)<br \/>\n<\/span><span data-contrast=\"auto\">Mika Kankkunen\u00a0\u2013\u00a0TUOn\u00a0Toverit<\/span><span data-ccp-props=\"{}\"> 4,92 (1)<\/span><\/p>\n<p>TUOn Edustajistoon 2026 ei valittu seuraavia henkil\u00f6it\u00e4:<\/p>\n<p><span data-contrast=\"auto\">Aada Uhlgren<\/span><span data-ccp-props=\"{&quot;201341983&quot;:0,&quot;335559685&quot;:2608,&quot;335559739&quot;:0,&quot;335559740&quot;:240}\"><br \/>\n<\/span><span data-contrast=\"auto\">Iuri Gon\u00e7alves<\/span><span data-ccp-props=\"{&quot;201341983&quot;:0,&quot;335559685&quot;:2608,&quot;335559739&quot;:0,&quot;335559740&quot;:240}\"><br \/>\n<\/span><span data-contrast=\"auto\">Joosa Siltanen<\/span><span data-ccp-props=\"{&quot;201341983&quot;:0,&quot;335559685&quot;:2608,&quot;335559739&quot;:0,&quot;335559740&quot;:240}\">\u00a0<\/span><\/p>\n<p class=\"cvGsUA direction-ltr align-center para-style-body\"><span class=\"OYPEnA font-feature-liga-off font-feature-clig-off font-feature-calt-off text-decoration-none text-strikethrough-none\">Kiitos kaikille \u00e4\u00e4nest\u00e4neille sek\u00e4 ehdolle asettuneille ja <\/span><span class=\"OYPEnA font-feature-liga-off font-feature-clig-off font-feature-calt-off text-decoration-none text-strikethrough-none\">onnea valituille!<\/span><\/p>\n<p><strong>Kokouskutsu Edustajiston 2026 j\u00e4rjest\u00e4ytymiskokoukseen<\/strong><br \/>\nEdustajiston 2026 j\u00e4rjest\u00e4ytymiskokous pidet\u00e4\u00e4n maanantaina 17.11.2025 klo 17:00 alkaen.<\/p>\n<p>Kokous pidet\u00e4\u00e4n EduCityn kampuksella tilassa 1002 Moriaberg, kokousta ovat tervetulleet seuraamaan kaikki opiskelijakunta TUOn j\u00e4senet. Kokouksen esityslista l\u00f6ytyy TUOn kotisivuilta l\u00e4hemp\u00e4n\u00e4 kokousta.<\/p>\n<p>Tervetuloa kokoukseen!<\/p>\n<p>Oona Kaarmela<br \/>\nOpiskelijakunta TUOn edustajiston puheenjohtaja 2025<\/p>","protected":false},"excerpt":{"rendered":"<p>Turun ammattikorkeakoulun opiskelijakunta \u2013 TUOn Edustajisto 2026 on valittu t\u00e4n\u00e4\u00e4n.\u00a0 \u00c4\u00e4ni\u00e4 annettiin yhteens\u00e4 178 kpl. \u00c4\u00e4nist\u00e4 ennakko\u00e4\u00e4ni\u00e4 on annettu 175 kpl ja varsinaisena vaalip\u00e4iv\u00e4n\u00e4 \u00e4\u00e4ni\u00e4 annettiin 3 kpl. Hyl\u00e4ttyj\u00e4 \u00e4\u00e4ni\u00e4 oli 0 kpl. \u00c4\u00e4nestysprosentti oli 16,3 %. TUOn Edustajistoon 2026 varsinaisiksi j\u00e4seniksi on valittu seuraavat henkil\u00f6t: (Valitun edustajiston j\u00e4senen per\u00e4ss\u00e4 vertailuluku ja suluissa henkil\u00f6kohtainen \u00e4\u00e4nim\u00e4\u00e4r\u00e4) [&hellip;]<\/p>\n","protected":false},"author":3,"featured_media":2461,"comment_status":"closed","ping_status":"open","sticky":false,"template":"","format":"standard","meta":{"_et_pb_use_builder":"","_et_pb_old_content":"","_et_gb_content_width":"","footnotes":""},"categories":[6,1,5],"tags":[],"class_list":["post-2460","post","type-post","status-publish","format-standard","has-post-thumbnail","hentry","category-blogi","category-uncategorized","category-uutiset"],"_links":{"self":[{"href":"https:\/\/opiskelijakunta.net\/en\/wp-json\/wp\/v2\/posts\/2460","targetHints":{"allow":["GET"]}}],"collection":[{"href":"https:\/\/opiskelijakunta.net\/en\/wp-json\/wp\/v2\/posts"}],"about":[{"href":"https:\/\/opiskelijakunta.net\/en\/wp-json\/wp\/v2\/types\/post"}],"author":[{"embeddable":true,"href":"https:\/\/opiskelijakunta.net\/en\/wp-json\/wp\/v2\/users\/3"}],"replies":[{"embeddable":true,"href":"https:\/\/opiskelijakunta.net\/en\/wp-json\/wp\/v2\/comments?post=2460"}],"version-history":[{"count":1,"href":"https:\/\/opiskelijakunta.net\/en\/wp-json\/wp\/v2\/posts\/2460\/revisions"}],"predecessor-version":[{"id":2462,"href":"https:\/\/opiskelijakunta.net\/en\/wp-json\/wp\/v2\/posts\/2460\/revisions\/2462"}],"wp:featuredmedia":[{"embeddable":true,"href":"https:\/\/opiskelijakunta.net\/en\/wp-json\/wp\/v2\/media\/2461"}],"wp:attachment":[{"href":"https:\/\/opiskelijakunta.net\/en\/wp-json\/wp\/v2\/media?parent=2460"}],"wp:term":[{"taxonomy":"category","embeddable":true,"href":"https:\/\/opiskelijakunta.net\/en\/wp-json\/wp\/v2\/categories?post=2460"},{"taxonomy":"post_tag","embeddable":true,"href":"https:\/\/opiskelijakunta.net\/en\/wp-json\/wp\/v2\/tags?post=2460"}],"curies":[{"name":"wp","href":"https:\/\/api.w.org\/{rel}","templated":true}]}}