{"id":2518,"date":"2026-01-09T16:01:58","date_gmt":"2026-01-09T13:01:58","guid":{"rendered":"https:\/\/opiskelijakunta.net\/?p=2518"},"modified":"2026-01-09T16:08:12","modified_gmt":"2026-01-09T13:08:12","slug":"kannanotto-valtio-mun-opiskelijalounaani-syo","status":"publish","type":"post","link":"https:\/\/opiskelijakunta.net\/en\/kannanotto-valtio-mun-opiskelijalounaani-syo\/","title":{"rendered":"Kannanotto: Valtio mun opiskelijalounaani sy\u00f6"},"content":{"rendered":"<p><span data-contrast=\"auto\">Viel\u00e4 syksyll\u00e4 olimme toiveikkaita siit\u00e4, ett\u00e4 opiskelijat voisivat huokaista\u00a0helpotuksesta leikkauksien osalta.\u00a0Ennenaikaisesti kiitimme\u00a0hallitusta siit\u00e4, ett\u00e4 ateriatukeen tehd\u00e4\u00e4n\u00a0korotus. Opiskelijan lompakolle t\u00e4m\u00e4 korotus n\u00e4kyy kuitenkin\u00a0negatiivisena.<\/span><span data-ccp-props=\"{&quot;134233117&quot;:true}\">\u00a0<\/span><\/p>\n<p><span data-contrast=\"auto\">Kansanel\u00e4kelaitoksen tiedotteessa 30.12.2025 kerrotaan, kuinka opiskelijoiden\u00a0osuus opiskelija-ateriasta nousee.\u00a0Opiskelijan maksama osuus\u00a0nousee\u00a02,95 eurosta 3,10 euroon.\u00a0Opiskelijan maksaman osuuden nousu voi tuntua pienelt\u00e4, mutta\u00a0se on taas yksi osoitus siit\u00e4, ett\u00e4\u00a0korkeakoulutuksen tai\u00a0opiskelijoiden tukeminen ei ole t\u00e4m\u00e4n hallituksen tavoitteena.\u00a0<\/span><span data-ccp-props=\"{&quot;134233117&quot;:true}\">\u00a0<\/span><\/p>\n<p><span data-contrast=\"auto\">On todella h\u00e4rski\u00e4, ett\u00e4\u00a0Kela\u00a0kannustaa opiskelijoita hy\u00f6dynt\u00e4m\u00e4\u00e4n tuettua lounasta, joka\u00a0Kelan mukaan tukee jaksamista ja yhteis\u00f6llisyytt\u00e4\u00a0samalla, kun nostavat ruuan hintaa.\u00a0Jos Kela ja valtio aidosti haluaisivat kannustaa opiskelijoita t\u00e4h\u00e4n sosiaaliseen ja jaksamista tukevaan ruokailuhetkeen, ei sen kuulu nostaa silloin ruokailun hintaa.\u00a0<\/span><span data-ccp-props=\"{&quot;134233117&quot;:true}\">\u00a0<\/span><\/p>\n<p><span data-contrast=\"auto\">Kelan viesti on yht\u00e4 kannustava kuin se, ett\u00e4 Kelan ty\u00f6ntekij\u00f6it\u00e4 kannustettaisiin takaisin et\u00e4t\u00f6ist\u00e4 toimistolle maksamalla heille esimerkiksi 15 sentti\u00e4 pienemp\u00e4\u00e4\u00a0tuntipalkkaa et\u00e4ty\u00f6st\u00e4.<\/span><span data-ccp-props=\"{&quot;134233117&quot;:true}\">\u00a0<\/span><\/p>\n<p><span data-contrast=\"auto\">Opiskelijoiden lompakko on ollut tyhj\u00e4 jo pitk\u00e4\u00e4n, mutta leikkauslinja sen kuin jatkuu.\u00a0Nykyisen hallituksen politiikka on se, ett\u00e4 valtionvelka tulee taittaa ja\u00a0t\u00e4t\u00e4 velkataakkaa kaadetaan selke\u00e4sti\u00a0yksil\u00f6iden kannettavaksi.\u00a0Erityisen\u00e4\u00a0segmenttin\u00e4 on nuoret ja opiskelijat, joiden tulevaisuutta on heikennetty jo leikkauksilla ja lainam\u00e4\u00e4rien kasvattamisella.\u00a0<\/span><span data-ccp-props=\"{&quot;134233117&quot;:true}\">\u00a0<\/span><\/p>\n<p><span data-contrast=\"auto\">Opiskelijoiden ostovoima on jo pohjamudissa ja nuorten velkataakka on jo r\u00e4j\u00e4ht\u00e4nyt k\u00e4siin. Opiskelijoiden heikko taloudellinen tilanne tai ongelmallinen lainataakka ei voi tulla Kelalle tai valtiolle yll\u00e4tyksen\u00e4. Esimerkiksi viel\u00e4 vuonna 2022 Kela maksoi pankeille opintolainoja noin 31,4 miljoonan euron edest\u00e4,\u00a0vuonna 2024 vastaava luku oli noin 112,1 miljoonaa euroa.\u00a0<\/span><span data-ccp-props=\"{&quot;134233117&quot;:true}\">\u00a0<\/span><\/p>\n<p><span data-contrast=\"auto\">&#8221;T\u00e4m\u00e4 tuntuu kohtuuttomalta ja ep\u00e4reilulta tilanteessa, jossa opiskelijat ovat jo pitk\u00e4\u00e4n joutuneet kantamaan leikkausten seuraukset arjessaan. Kun muutenkin tiukassa taloustilanteessa olevien opiskelijoiden niskaan kasataan yh\u00e4 uusia heikennyksi\u00e4, on vaikea n\u00e4hd\u00e4, miten t\u00e4t\u00e4 voidaan perustella oikeudenmukaisena tai tulevaisuuteen katsovana politiikkana&#8221;, toteaa\u00a0Turun ammattikorkeakoulun opiskelijakunta \u2013\u00a0TUOn\u00a0hallituksen puheenjohtaja Olga Hellman.<\/span><span data-ccp-props=\"{&quot;134233117&quot;:true}\">\u00a0<\/span><\/p>\n<p><span data-contrast=\"auto\">Lopettakaa opiskelijoiden toimeentulon leikkaaminen. Opiskelijat eiv\u00e4t ole mik\u00e4\u00e4n suljettu ryhm\u00e4, joka vain h\u00e4vi\u00e4\u00e4.\u00a0He ovat tulevaisuuden ty\u00f6ntekij\u00f6it\u00e4, veronmaksajia, perheen perustajia ja\u00a0Suomen toivoja.<\/span><\/p>\n<p><strong>Lis\u00e4tiedot:<\/strong><br \/>\nOlga Hellman<br \/>\nChair of the board<br \/>\n<a href=\"mailto:olga.hellman@opiskelijakunta.net\" target=\"_blank\" rel=\"noopener\">olga.hellman@opiskelijakunta.net<\/a><br \/>\np. 045 670 5011<\/p>\n<p><span class=\"TextRun SCXW59976310 BCX8\" lang=\"FI-FI\" xml:lang=\"FI-FI\" data-contrast=\"auto\"><span class=\"NormalTextRun SCXW59976310 BCX8\">Jukka-Pekka Salmela<\/span><\/span><br \/>\n<span class=\"NormalTextRun SCXW59976310 BCX8\">Edunvalvonnan <\/span>asiantuntija<br \/>\n<a class=\"Hyperlink SCXW59976310 BCX8\" href=\"mailto:jukka.salmela@opiskelijakunta.net\" target=\"_blank\" rel=\"noreferrer noopener\"><span class=\"TextRun Underlined SCXW59976310 BCX8\" lang=\"FI-FI\" xml:lang=\"FI-FI\" data-contrast=\"none\"><span class=\"NormalTextRun SCXW59976310 BCX8\" data-ccp-charstyle=\"Hyperlink\">jukka.salmela@opiskelijakunta.net<\/span><\/span><\/a><br \/>\np. <span class=\"TextRun SCXW59976310 BCX8\" lang=\"FI-FI\" xml:lang=\"FI-FI\" data-contrast=\"auto\"><span class=\"NormalTextRun SCXW59976310 BCX8\">041 312 3874<\/span><\/span><\/p>","protected":false},"excerpt":{"rendered":"<p>Viel\u00e4 syksyll\u00e4 olimme toiveikkaita siit\u00e4, ett\u00e4 opiskelijat voisivat huokaista\u00a0helpotuksesta leikkauksien osalta.\u00a0Ennenaikaisesti kiitimme\u00a0hallitusta siit\u00e4, ett\u00e4 ateriatukeen tehd\u00e4\u00e4n\u00a0korotus. Opiskelijan lompakolle t\u00e4m\u00e4 korotus n\u00e4kyy kuitenkin\u00a0negatiivisena.\u00a0 Kansanel\u00e4kelaitoksen tiedotteessa 30.12.2025 kerrotaan, kuinka opiskelijoiden\u00a0osuus opiskelija-ateriasta nousee.\u00a0Opiskelijan maksama osuus\u00a0nousee\u00a02,95 eurosta 3,10 euroon.\u00a0Opiskelijan maksaman osuuden nousu voi tuntua pienelt\u00e4, mutta\u00a0se on taas yksi osoitus siit\u00e4, ett\u00e4\u00a0korkeakoulutuksen tai\u00a0opiskelijoiden tukeminen ei ole t\u00e4m\u00e4n hallituksen tavoitteena.\u00a0\u00a0 [&hellip;]<\/p>\n","protected":false},"author":3,"featured_media":2403,"comment_status":"closed","ping_status":"open","sticky":false,"template":"","format":"standard","meta":{"_et_pb_use_builder":"","_et_pb_old_content":"","_et_gb_content_width":"","footnotes":""},"categories":[6,7,5],"tags":[],"class_list":["post-2518","post","type-post","status-publish","format-standard","has-post-thumbnail","hentry","category-blogi","category-etusivulle","category-uutiset"],"_links":{"self":[{"href":"https:\/\/opiskelijakunta.net\/en\/wp-json\/wp\/v2\/posts\/2518","targetHints":{"allow":["GET"]}}],"collection":[{"href":"https:\/\/opiskelijakunta.net\/en\/wp-json\/wp\/v2\/posts"}],"about":[{"href":"https:\/\/opiskelijakunta.net\/en\/wp-json\/wp\/v2\/types\/post"}],"author":[{"embeddable":true,"href":"https:\/\/opiskelijakunta.net\/en\/wp-json\/wp\/v2\/users\/3"}],"replies":[{"embeddable":true,"href":"https:\/\/opiskelijakunta.net\/en\/wp-json\/wp\/v2\/comments?post=2518"}],"version-history":[{"count":3,"href":"https:\/\/opiskelijakunta.net\/en\/wp-json\/wp\/v2\/posts\/2518\/revisions"}],"predecessor-version":[{"id":2522,"href":"https:\/\/opiskelijakunta.net\/en\/wp-json\/wp\/v2\/posts\/2518\/revisions\/2522"}],"wp:featuredmedia":[{"embeddable":true,"href":"https:\/\/opiskelijakunta.net\/en\/wp-json\/wp\/v2\/media\/2403"}],"wp:attachment":[{"href":"https:\/\/opiskelijakunta.net\/en\/wp-json\/wp\/v2\/media?parent=2518"}],"wp:term":[{"taxonomy":"category","embeddable":true,"href":"https:\/\/opiskelijakunta.net\/en\/wp-json\/wp\/v2\/categories?post=2518"},{"taxonomy":"post_tag","embeddable":true,"href":"https:\/\/opiskelijakunta.net\/en\/wp-json\/wp\/v2\/tags?post=2518"}],"curies":[{"name":"wp","href":"https:\/\/api.w.org\/{rel}","templated":true}]}}